{"id":1681,"date":"2023-02-25T18:44:59","date_gmt":"2023-02-25T17:44:59","guid":{"rendered":"https:\/\/yvonnewaern.se\/?p=1681"},"modified":"2023-02-25T18:44:59","modified_gmt":"2023-02-25T17:44:59","slug":"handelser-vid-vatten","status":"publish","type":"post","link":"https:\/\/yvonnewaern.se\/index.php\/2023\/02\/25\/handelser-vid-vatten\/","title":{"rendered":"H\u00e4ndelser vid vatten"},"content":{"rendered":"\n<p>H\u00e4ndelser vid vatten<\/p>\n\n\n\n<p>Innan jag bekantat mig med den delen av Kerstin Ekmans skrivande undrade jag \u00f6ver varf\u00f6r hon valt den titeln. Det \u00e4r ju egentligen en deckare. Egentligen? \u00c4r det jag som mognat eller beh\u00f6vdes det en filmatisering f\u00f6r att jag skulle f\u00f6rst\u00e5?<\/p>\n\n\n\n<p>Nu har jag sett hela TV-serien och \u00e4r imponerad. Kanske \u00e4r det Ingmar Bergman som gett regiss\u00f6ren Mikael Marcimain modet att tassa s\u00e5 f\u00f6rsiktigt p\u00e5 de norrl\u00e4ndska markerna.&nbsp;<\/p>\n\n\n\n<p>Jag kan inte l\u00e5ta bli att j\u00e4mf\u00f6ra med en filmatisering jag sett av Sagan om ringen. I den filmatiseringen var det stridsscenerna som fick det st\u00f6rsta utrymmet. Farliga orcher kastade sig fram \u00f6ver filmduken.&nbsp;<\/p>\n\n\n\n<p>Hur annorlunda var det inte i den h\u00e4r versionen av Kerstin Ekmans bok! Den norr\u00e4ndska k\u00e4rvheten och utsattheten mejslades fram p\u00e5 TV-sk\u00e4rmen i all sin charm och enslighet. Redan fr\u00e5n b\u00f6rjan skr\u00e4mde mig de berusade ungdomarna mer \u00e4n det blodiga t\u00e4ltet; kollektivets valh\u00e4nthet var mer fr\u00e5nst\u00f6tande \u00e4n den sn\u00e5riga stigen.&nbsp;<\/p>\n\n\n\n<p>Boken tr\u00e4dde fram ur bokhyllan och jag l\u00e4ste ikapp varje avsnitt. Det var otroligt s\u00e5 n\u00e4ra regiss\u00f6ren lyckats komma boken. Jag nj\u00f6t lika mycket av Kerstin Ekmans beskrivningar av tj\u00e4rnarna, som syntes \u201dsom trappsteg av vatten\u201d som av synerna som gavs p\u00e5 TV-sk\u00e4rmen. Gr\u00e4set lyste faktiskt som om det var m\u00e5lat. Hundarnas skall l\u00e4t som jag f\u00f6rest\u00e4llt mig det, och vattnet porlade i vadst\u00e4llet, kallt och farligt.<\/p>\n\n\n\n<p>Medan Kerstin Ekman skrivit om sn\u00f6n, som \u201dett kristalliskt pulver som virvlade upp kring skidspetsarna\u201d fanns inte s\u00e5 mycket vinter i inspelningen. Det blev s\u00e4kert f\u00f6r kallt. Annars kunde jag f\u00f6lja detaljerna med \u00f6gon och \u00f6ron.<\/p>\n\n\n\n<p>Att sedan f\u00e5 tr\u00e4ffa sk\u00e5despelarna och deras reaktioner efter\u00e5t var en extra g\u00e5va som jag aldrig f\u00f6rv\u00e4ntat mig. Rolf Lassg\u00e5rd menade att boken \u00e4r ett svenskt nationalepos, och \u00e4ven om jag inte helt h\u00e5ller med, ser jag mycket mer i den \u00e4n en enkel deckarhistoria. Titeln \u00e4r helt enkelt kongenialisk &#8211; det handlar om \u201dh\u00e4ndelser vid vatten\u201d!&nbsp;<\/p>\n","protected":false},"excerpt":{"rendered":"<p>H\u00e4ndelser vid vatten Innan jag bekantat mig med den delen av Kerstin Ekmans skrivande undrade jag \u00f6ver varf\u00f6r hon valt den titeln. Det \u00e4r ju egentligen en deckare. Egentligen? \u00c4r det jag som mognat eller beh\u00f6vdes det en filmatisering f\u00f6r att jag skulle f\u00f6rst\u00e5? Nu har jag sett hela TV-serien och \u00e4r imponerad. Kanske \u00e4r &hellip; <a href=\"https:\/\/yvonnewaern.se\/index.php\/2023\/02\/25\/handelser-vid-vatten\/\" class=\"more-link\">Forts\u00e4tt l\u00e4sa <span class=\"screen-reader-text\">H\u00e4ndelser vid vatten<\/span> <span class=\"meta-nav\">&rarr;<\/span><\/a><\/p>\n","protected":false},"author":1,"featured_media":0,"comment_status":"open","ping_status":"open","sticky":false,"template":"","format":"standard","meta":{"footnotes":""},"categories":[64,24],"tags":[],"class_list":["post-1681","post","type-post","status-publish","format-standard","hentry","category-recensioner","category-reflektioner"],"_links":{"self":[{"href":"https:\/\/yvonnewaern.se\/index.php\/wp-json\/wp\/v2\/posts\/1681","targetHints":{"allow":["GET"]}}],"collection":[{"href":"https:\/\/yvonnewaern.se\/index.php\/wp-json\/wp\/v2\/posts"}],"about":[{"href":"https:\/\/yvonnewaern.se\/index.php\/wp-json\/wp\/v2\/types\/post"}],"author":[{"embeddable":true,"href":"https:\/\/yvonnewaern.se\/index.php\/wp-json\/wp\/v2\/users\/1"}],"replies":[{"embeddable":true,"href":"https:\/\/yvonnewaern.se\/index.php\/wp-json\/wp\/v2\/comments?post=1681"}],"version-history":[{"count":1,"href":"https:\/\/yvonnewaern.se\/index.php\/wp-json\/wp\/v2\/posts\/1681\/revisions"}],"predecessor-version":[{"id":1682,"href":"https:\/\/yvonnewaern.se\/index.php\/wp-json\/wp\/v2\/posts\/1681\/revisions\/1682"}],"wp:attachment":[{"href":"https:\/\/yvonnewaern.se\/index.php\/wp-json\/wp\/v2\/media?parent=1681"}],"wp:term":[{"taxonomy":"category","embeddable":true,"href":"https:\/\/yvonnewaern.se\/index.php\/wp-json\/wp\/v2\/categories?post=1681"},{"taxonomy":"post_tag","embeddable":true,"href":"https:\/\/yvonnewaern.se\/index.php\/wp-json\/wp\/v2\/tags?post=1681"}],"curies":[{"name":"wp","href":"https:\/\/api.w.org\/{rel}","templated":true}]}}