{"id":501,"date":"2017-07-04T09:32:29","date_gmt":"2017-07-04T07:32:29","guid":{"rendered":"http:\/\/yvonnewaern.se\/?p=501"},"modified":"2017-07-06T15:55:47","modified_gmt":"2017-07-06T13:55:47","slug":"nytt-projekt-kanarieoarnas-tidiga-historia","status":"publish","type":"post","link":"https:\/\/yvonnewaern.se\/index.php\/2017\/07\/04\/nytt-projekt-kanarieoarnas-tidiga-historia\/","title":{"rendered":"Nytt projekt: Kanarie\u00f6arnas tidiga historia."},"content":{"rendered":"<p class=\"p1\"><span class=\"s1\"><b>Tidiga skrifter<\/b><\/span><\/p>\n<p class=\"p3\"><span class=\"s1\">M\u00e4nniskan har alltid dr\u00f6mt om ett land bortom sv\u00e4lt och fattigdom, ett land som frikostigt delade med sig av sina naturliga g\u00e5vor och en natur utan faror. I den tidiga v\u00e4sterl\u00e4ndska v\u00e4rlden kunde detta land ligga bortom horisonten, kanske d\u00e4r solen gick ner eller d\u00e4r den gick upp. Det var inv\u00e5nare omkring Medelhavet som f\u00f6rst skrev om ett land bortom detta hav.<\/span><\/p>\n<p class=\"p3\"><span class=\"s1\">Redan tidigt hade sj\u00f6farare ber\u00e4ttat om \u00f6ar som kunde vara paradiset p\u00e5 jorden. D\u00e4r rann det vatten, d\u00e4r fanns \u00f6verd\u00e5dig v\u00e4xtlighet med en rikedom av \u00e4tliga frukter och d\u00e4r hotade inga farliga djur. D\u00e4r l\u00e5g hesperiderna eller de elyseiska f\u00e4lten, menade <i>Homeros<\/i>. Det var ett jordiskt paradis. Hur mycket verklighet som l\u00e5g bakom Homeros\u00b4 fantasiskapelser vet vi inte, men s\u00e5 mycket vet vi att det fanns sj\u00f6farare som seglat \u00e4nda till Medelhavets slut. Det var fenicierna som med 30 meter l\u00e5nga, s\u00e5 kallade Tarsisskepp, tagit sig till nuvarande Spaniens sydkust och d\u00e4r grundlagt Gadir (nuvarande Cadiz). Detta var p\u00e5 1000-talet f\u00f6re Kristus.<\/span><\/p>\n","protected":false},"excerpt":{"rendered":"<p>Tidiga skrifter M\u00e4nniskan har alltid dr\u00f6mt om ett land bortom sv\u00e4lt och fattigdom, ett land som frikostigt delade med sig av sina naturliga g\u00e5vor och en natur utan faror. I den tidiga v\u00e4sterl\u00e4ndska v\u00e4rlden kunde detta land ligga bortom horisonten, kanske d\u00e4r solen gick ner eller d\u00e4r den gick upp. Det var inv\u00e5nare omkring Medelhavet &hellip; <a href=\"https:\/\/yvonnewaern.se\/index.php\/2017\/07\/04\/nytt-projekt-kanarieoarnas-tidiga-historia\/\" class=\"more-link\">Forts\u00e4tt l\u00e4sa <span class=\"screen-reader-text\">Nytt projekt: Kanarie\u00f6arnas tidiga historia.<\/span> <span class=\"meta-nav\">&rarr;<\/span><\/a><\/p>\n","protected":false},"author":1,"featured_media":0,"comment_status":"open","ping_status":"open","sticky":false,"template":"","format":"standard","meta":{"footnotes":""},"categories":[52],"tags":[],"class_list":["post-501","post","type-post","status-publish","format-standard","hentry","category-kanarieoarna-historia"],"_links":{"self":[{"href":"https:\/\/yvonnewaern.se\/index.php\/wp-json\/wp\/v2\/posts\/501","targetHints":{"allow":["GET"]}}],"collection":[{"href":"https:\/\/yvonnewaern.se\/index.php\/wp-json\/wp\/v2\/posts"}],"about":[{"href":"https:\/\/yvonnewaern.se\/index.php\/wp-json\/wp\/v2\/types\/post"}],"author":[{"embeddable":true,"href":"https:\/\/yvonnewaern.se\/index.php\/wp-json\/wp\/v2\/users\/1"}],"replies":[{"embeddable":true,"href":"https:\/\/yvonnewaern.se\/index.php\/wp-json\/wp\/v2\/comments?post=501"}],"version-history":[{"count":1,"href":"https:\/\/yvonnewaern.se\/index.php\/wp-json\/wp\/v2\/posts\/501\/revisions"}],"predecessor-version":[{"id":508,"href":"https:\/\/yvonnewaern.se\/index.php\/wp-json\/wp\/v2\/posts\/501\/revisions\/508"}],"wp:attachment":[{"href":"https:\/\/yvonnewaern.se\/index.php\/wp-json\/wp\/v2\/media?parent=501"}],"wp:term":[{"taxonomy":"category","embeddable":true,"href":"https:\/\/yvonnewaern.se\/index.php\/wp-json\/wp\/v2\/categories?post=501"},{"taxonomy":"post_tag","embeddable":true,"href":"https:\/\/yvonnewaern.se\/index.php\/wp-json\/wp\/v2\/tags?post=501"}],"curies":[{"name":"wp","href":"https:\/\/api.w.org\/{rel}","templated":true}]}}