{"id":785,"date":"2018-12-28T17:34:09","date_gmt":"2018-12-28T16:34:09","guid":{"rendered":"http:\/\/yvonnewaern.se\/?p=785"},"modified":"2018-12-28T17:34:09","modified_gmt":"2018-12-28T16:34:09","slug":"reflektioner-i-slutet-av-aret","status":"publish","type":"post","link":"https:\/\/yvonnewaern.se\/index.php\/2018\/12\/28\/reflektioner-i-slutet-av-aret\/","title":{"rendered":"Reflektioner i slutet av \u00e5ret"},"content":{"rendered":"\n<h2 class=\"wp-block-heading\"><br><\/h2>\n\n\n\n<p class=\"has-drop-cap\">Varje \u00e5r h\u00e4nder samma sak i slutet av \u00e5ret. Jag blir quasifilosofisk. Quasi d\u00e4rf\u00f6r att  jag egentligen inte kan n\u00e5got om filosofi. \u00c4nd\u00e5 kan jag inte l\u00e5ta bli att fundera \u00f6ver vadan och varth\u00e4n och kanske litet varf\u00f6r och hur.<\/p>\n\n\n\n<p>Hur t\u00e4nker jag p\u00e5 livet egentligen? Det h\u00e4r m\u00e5ste jag reda ut innan jag skriver mina memoarer. Den r\u00f6da tr\u00e5den ska jag spinna. Garn\u00e4ndar har jag gott om.<\/p>\n\n\n\n<p class=\"has-drop-cap\">Psykologi <\/p>\n\n\n\n<p>En \u00e4nde har med mitt intresse f\u00f6r psykologi att g\u00f6ra. Inte den psykologi som jag jobbat med, utan den genuina, den som mina elever saknade i v\u00e5r psykolotiutbildning. Varf\u00f6r beter sig m\u00e4nniskor som de g\u00f6r?&nbsp;<\/p>\n\n\n\n<figure class=\"wp-block-image\"><img loading=\"lazy\" decoding=\"async\" width=\"1024\" height=\"1024\" src=\"http:\/\/yvonnewaern.se\/wp-content\/uploads\/2018\/12\/Yvonne-kryper-1024x1024.jpg\" alt=\"\" class=\"wp-image-786\" srcset=\"https:\/\/yvonnewaern.se\/wp-content\/uploads\/2018\/12\/Yvonne-kryper-1024x1024.jpg 1024w, https:\/\/yvonnewaern.se\/wp-content\/uploads\/2018\/12\/Yvonne-kryper-150x150.jpg 150w, https:\/\/yvonnewaern.se\/wp-content\/uploads\/2018\/12\/Yvonne-kryper-300x300.jpg 300w, https:\/\/yvonnewaern.se\/wp-content\/uploads\/2018\/12\/Yvonne-kryper-768x768.jpg 768w, https:\/\/yvonnewaern.se\/wp-content\/uploads\/2018\/12\/Yvonne-kryper.jpg 1576w\" sizes=\"auto, (max-width: 1024px) 100vw, 1024px\" \/><figcaption>Jag skulle fram, men det gick inte att krypa p\u00e5 kn\u00e4na.<\/figcaption><\/figure>\n\n\n\n<p class=\"has-drop-cap\">Engagemang.<\/p>\n\n\n\n<p>En annan \u00e4nde har med mitt engagemang att g\u00f6ra. Varf\u00f6r engagerar jag mig i vissa saker och inte i andra? Varf\u00f6r har jag pl\u00f6tsligt engagerat mig i klimatet men inte i nykterheten? Varf\u00f6r m\u00e5lade jag s\u00e5 intensivt under en period i livet? Varf\u00f6r \u00e4r det f\u00f6rfattande som f\u00e5ngat mig just nu?<\/p>\n\n\n\n<p><\/p>\n\n\n\n<figure class=\"wp-block-image\"><img loading=\"lazy\" decoding=\"async\" width=\"1024\" height=\"656\" src=\"http:\/\/yvonnewaern.se\/wp-content\/uploads\/2018\/12\/Att-inte-ge-upp-1024x656.jpg\" alt=\"\" class=\"wp-image-787\" srcset=\"https:\/\/yvonnewaern.se\/wp-content\/uploads\/2018\/12\/Att-inte-ge-upp-1024x656.jpg 1024w, https:\/\/yvonnewaern.se\/wp-content\/uploads\/2018\/12\/Att-inte-ge-upp-300x192.jpg 300w, https:\/\/yvonnewaern.se\/wp-content\/uploads\/2018\/12\/Att-inte-ge-upp-768x492.jpg 768w, https:\/\/yvonnewaern.se\/wp-content\/uploads\/2018\/12\/Att-inte-ge-upp.jpg 1122w\" sizes=\"auto, (max-width: 1024px) 100vw, 1024px\" \/><figcaption>H\u00e4r t\u00e4nkte jag p\u00e5 kampen. Att inte ge upp trots sv\u00e5righeter.<\/figcaption><\/figure>\n\n\n\n<p><\/p>\n\n\n\n<p class=\"has-drop-cap\">Relationer<\/p>\n\n\n\n<p>En tredje \u00e4nde \u00e4r sv\u00e5r &#8211; relationen till andra m\u00e4nniskor. K\u00e4rlek, v\u00e4nskap, sl\u00e4ktskap, vad \u00e4r det? Brukar jag eller missbrukar jag? Vill jag eller inte?&nbsp;Hur f\u00f6rvaltar jag det finaste jag har?<\/p>\n\n\n\n<figure class=\"wp-block-image\"><img loading=\"lazy\" decoding=\"async\" width=\"768\" height=\"1024\" src=\"http:\/\/yvonnewaern.se\/wp-content\/uploads\/2018\/12\/F\u00f6delsedag-2018-768x1024.jpg\" alt=\"\" class=\"wp-image-788\" srcset=\"https:\/\/yvonnewaern.se\/wp-content\/uploads\/2018\/12\/F\u00f6delsedag-2018-768x1024.jpg 768w, https:\/\/yvonnewaern.se\/wp-content\/uploads\/2018\/12\/F\u00f6delsedag-2018-225x300.jpg 225w\" sizes=\"auto, (max-width: 768px) 100vw, 768px\" \/><figcaption>En f\u00f6delsedagsbild med en av de n\u00e4rmaste familjerna <\/figcaption><\/figure>\n\n\n\n<p class=\"has-drop-cap\">N\u00e5gon g\u00e5ng ska jag b\u00f6rja fundera \u00f6ver Maslows behovstrappa. En annan g\u00e5ng \u00f6ver meningen med livet och ytterligare en \u00f6ver f\u00f6rest\u00e4llningar om livet. F\u00e5 se vad det blir.&nbsp;<br><\/p>\n","protected":false},"excerpt":{"rendered":"<p>Varje \u00e5r h\u00e4nder samma sak i slutet av \u00e5ret. Jag blir quasifilosofisk. Quasi d\u00e4rf\u00f6r att jag egentligen inte kan n\u00e5got om filosofi. \u00c4nd\u00e5 kan jag inte l\u00e5ta bli att fundera \u00f6ver vadan och varth\u00e4n och kanske litet varf\u00f6r och hur. Hur t\u00e4nker jag p\u00e5 livet egentligen? Det h\u00e4r m\u00e5ste jag reda ut innan jag skriver &hellip; <a href=\"https:\/\/yvonnewaern.se\/index.php\/2018\/12\/28\/reflektioner-i-slutet-av-aret\/\" class=\"more-link\">Forts\u00e4tt l\u00e4sa <span class=\"screen-reader-text\">Reflektioner i slutet av \u00e5ret<\/span> <span class=\"meta-nav\">&rarr;<\/span><\/a><\/p>\n","protected":false},"author":1,"featured_media":0,"comment_status":"open","ping_status":"open","sticky":false,"template":"","format":"standard","meta":{"footnotes":""},"categories":[24],"tags":[],"class_list":["post-785","post","type-post","status-publish","format-standard","hentry","category-reflektioner"],"_links":{"self":[{"href":"https:\/\/yvonnewaern.se\/index.php\/wp-json\/wp\/v2\/posts\/785","targetHints":{"allow":["GET"]}}],"collection":[{"href":"https:\/\/yvonnewaern.se\/index.php\/wp-json\/wp\/v2\/posts"}],"about":[{"href":"https:\/\/yvonnewaern.se\/index.php\/wp-json\/wp\/v2\/types\/post"}],"author":[{"embeddable":true,"href":"https:\/\/yvonnewaern.se\/index.php\/wp-json\/wp\/v2\/users\/1"}],"replies":[{"embeddable":true,"href":"https:\/\/yvonnewaern.se\/index.php\/wp-json\/wp\/v2\/comments?post=785"}],"version-history":[{"count":2,"href":"https:\/\/yvonnewaern.se\/index.php\/wp-json\/wp\/v2\/posts\/785\/revisions"}],"predecessor-version":[{"id":790,"href":"https:\/\/yvonnewaern.se\/index.php\/wp-json\/wp\/v2\/posts\/785\/revisions\/790"}],"wp:attachment":[{"href":"https:\/\/yvonnewaern.se\/index.php\/wp-json\/wp\/v2\/media?parent=785"}],"wp:term":[{"taxonomy":"category","embeddable":true,"href":"https:\/\/yvonnewaern.se\/index.php\/wp-json\/wp\/v2\/categories?post=785"},{"taxonomy":"post_tag","embeddable":true,"href":"https:\/\/yvonnewaern.se\/index.php\/wp-json\/wp\/v2\/tags?post=785"}],"curies":[{"name":"wp","href":"https:\/\/api.w.org\/{rel}","templated":true}]}}