{"id":800,"date":"2018-12-31T11:23:20","date_gmt":"2018-12-31T10:23:20","guid":{"rendered":"http:\/\/yvonnewaern.se\/?p=800"},"modified":"2018-12-31T11:24:33","modified_gmt":"2018-12-31T10:24:33","slug":"meningen-med-livet-del-2-konstruktionism","status":"publish","type":"post","link":"https:\/\/yvonnewaern.se\/index.php\/2018\/12\/31\/meningen-med-livet-del-2-konstruktionism\/","title":{"rendered":"Meningen med livet. Del 2. Konstruktionism"},"content":{"rendered":"\n<p>Ny\u00e5rsafton &#8211; finns det n\u00e5gon b\u00e4ttre dag att reflektera \u00f6ver hur vi sj\u00e4lva konstruerar meningen i v\u00e5ra liv? Ensamma eller i ett socialt sammanhang.<\/p>\n\n\n\n<p>I g\u00e5r beskrev jag nihilismen lite grann, och konstruktionismen kan ses som en forts\u00e4ttning av nihilismen, ett motst\u00e5nd mot den, eller en n\u00f6dv\u00e4ndig f\u00f6ljd av nihilismen.&nbsp;<\/p>\n\n\n\n<p>S\u00e5 h\u00e4r t\u00e4nker jag:<\/p>\n\n\n\n<p>Om det nu inte finns n\u00e5gon mening i livet &#8211; kan livet vara uth\u00e4rdligt f\u00f6r en t\u00e4nkande m\u00e4nniska som str\u00e4var efter att hantera sitt eget (och eventuellt andras) liv? Nej, tycker jag och m\u00e5nga andra med mig. Den t\u00e4nkande m\u00e4nniskan skapar sin egen mening &#8211; ensam eller i samklang med andra.&nbsp;<\/p>\n\n\n\n<p>Detta har en g\u00e5ng kallats f\u00f6r existentialism, men fick den inneb\u00f6rd jag t\u00e4nker p\u00e5 senare och fick d\u00e5 ben\u00e4mningen konstruktionism eller konstruktivism (jag t\u00e4nker inte f\u00f6rs\u00f6ka skilja p\u00e5 dem h\u00e4r).&nbsp;<\/p>\n\n\n\n<p>Det var under 1980- och 1990-talet som socialkonstruktionismen blev popul\u00e4r i vissa akademiska kretsar. Jag tr\u00e4ffade p\u00e5 den framf\u00f6rallt p\u00e5 Tema Kommunikation. Tanken var att v\u00e5ra begrepp konstrueras i en social och kulturell milj\u00f6 och detta g\u00f6r att m\u00e4nniskor i olika samh\u00e4llen, och i grupperingar inom ett samh\u00e4lle, kan uppfatta ett och samma fenomen helt olika.<\/p>\n\n\n\n<p>F\u00f6r mig leder tanken \u00e5t flera h\u00e5ll: 1) att jag \u00e4r en aktiv medskapare n\u00e4r det g\u00e4ller begrepp (som till exempel meningen med livet), 2) att m\u00e4nniskors f\u00f6rest\u00e4llningar beror p\u00e5 den sociala och kulturella milj\u00f6 de levt i, det vill s\u00e4ga, jag ser att inte bara tycke och smak varierar utan ocks\u00e5 definitioner och upplevelser. Jag har blivit mycket mer tolerant under tiden p\u00e5 Tema. Detta kan naturligtvis ocks\u00e5 ha att g\u00f6ra med att jag \u00e5ldrats under den tiden.<\/p>\n\n\n\n<p>Det \u00e4r intresssant att jag tr\u00e4ffade p\u00e5 den konstruktivistiska tanken \u201dM\u00e4nniskan \u00e4r vad hon sj\u00e4lv g\u00f6r sig till\u201d f\u00f6rst hos Sartre, allts\u00e5 hos en f\u00f6retr\u00e4dare f\u00f6r den filosofiska inriktningen som kallas f\u00f6r existentialism. I st\u00e4llet f\u00f6r att sl\u00e4nga mig med en massa namn (s.k. namedropping), ska jag f\u00f6rs\u00f6ka h\u00e5lla mig till mina egna upplevelser av framf\u00f6rall konstruktionismen.&nbsp;<\/p>\n\n\n\n<p>Om det \u00e4r s\u00e5 att m\u00e4nniskan sj\u00e4lv skapar sina begrepp, sin moral, ja sin egen mening med livet, d\u00e5 \u00e4r hon ocks\u00e5 ytterst ansvarig f\u00f6r sina handlingar. Ja, socialkonstruktionismen s\u00e4tter i och f\u00f6r sig in m\u00e4nniskan i ett socialt sammanhang, men fritar henne inte fr\u00e5n det individuella ansvaret. Om vi har en fri vilja och fria val, d\u00e5 m\u00e5ste vi ocks\u00e5 kunna ta konsekvenserna av v\u00e5ra handlingar.<\/p>\n\n\n\n<p>Aldrig har jag sett det h\u00e4r s\u00e5 tydligt som i milj\u00f6debatten under \u00e5r 2018. Det \u00e4r uppenbart att varje m\u00e4nniska har ett ansvar, och \u00e4nnu mer uppenbart att det m\u00e4nskliga samh\u00e4llet&nbsp; i stort inte klarar av detta ansvar. Vi har f\u00f6r olika livsvillkor, f\u00f6r olika konstruktioner av v\u00e5r v\u00e4rldsbild.&nbsp;<\/p>\n\n\n\n<p>Jag ser i backspegeln att boken \u201dN\u00e4r havet steg\u201d i sj\u00e4lva verket speglar min v\u00e5nda \u00f6ver insikten att m\u00e4nniskans fria vilja ocks\u00e5 \u00e4r hennes f\u00f6rbannelse. Jag f\u00f6rstod inte riktigt d\u00e5 vad jag egentligen t\u00e4nkte, men det har blivit alltmer klart: jag \u00e4r paniskt f\u00f6rskr\u00e4ckt inf\u00f6r m\u00e4nniskans fria val, n\u00e4r jag t\u00e4nker p\u00e5 m\u00e4nniskans svaga f\u00f6rm\u00e5ga.&nbsp;<\/p>\n\n\n\n<figure class=\"wp-block-image\"><img decoding=\"async\" src=\"http:\/\/yvonnewaern.se\/wp-content\/uploads\/2018\/03\/Omslag-N\u00e4r-havet-steg-1024x384.jpeg\" alt=\"\" class=\"wp-image-548\"\/><\/figure>\n\n\n\n<p>Konstruktionismen \u00e4r f\u00f6r mig en l\u00f6sning p\u00e5 nihilismens f\u00f6rnekande av livets mening, men ger samtidigt en relativitet som kan l\u00f6sa upp tankesystem och leda till f\u00f6rintelse.&nbsp; \u00c4nd\u00e5 \u00e4r det d\u00e4r jag \u00e4r, just nu.<br><\/p>\n","protected":false},"excerpt":{"rendered":"<p>Ny\u00e5rsafton &#8211; finns det n\u00e5gon b\u00e4ttre dag att reflektera \u00f6ver hur vi sj\u00e4lva konstruerar meningen i v\u00e5ra liv? Ensamma eller i ett socialt sammanhang. I g\u00e5r beskrev jag nihilismen lite grann, och konstruktionismen kan ses som en forts\u00e4ttning av nihilismen, ett motst\u00e5nd mot den, eller en n\u00f6dv\u00e4ndig f\u00f6ljd av nihilismen.&nbsp; S\u00e5 h\u00e4r t\u00e4nker jag: Om &hellip; <a href=\"https:\/\/yvonnewaern.se\/index.php\/2018\/12\/31\/meningen-med-livet-del-2-konstruktionism\/\" class=\"more-link\">Forts\u00e4tt l\u00e4sa <span class=\"screen-reader-text\">Meningen med livet. Del 2. Konstruktionism<\/span> <span class=\"meta-nav\">&rarr;<\/span><\/a><\/p>\n","protected":false},"author":1,"featured_media":0,"comment_status":"open","ping_status":"open","sticky":false,"template":"","format":"standard","meta":{"footnotes":""},"categories":[24],"tags":[91,90],"class_list":["post-800","post","type-post","status-publish","format-standard","hentry","category-reflektioner","tag-konstruktionism","tag-nar-havet-steg"],"_links":{"self":[{"href":"https:\/\/yvonnewaern.se\/index.php\/wp-json\/wp\/v2\/posts\/800","targetHints":{"allow":["GET"]}}],"collection":[{"href":"https:\/\/yvonnewaern.se\/index.php\/wp-json\/wp\/v2\/posts"}],"about":[{"href":"https:\/\/yvonnewaern.se\/index.php\/wp-json\/wp\/v2\/types\/post"}],"author":[{"embeddable":true,"href":"https:\/\/yvonnewaern.se\/index.php\/wp-json\/wp\/v2\/users\/1"}],"replies":[{"embeddable":true,"href":"https:\/\/yvonnewaern.se\/index.php\/wp-json\/wp\/v2\/comments?post=800"}],"version-history":[{"count":3,"href":"https:\/\/yvonnewaern.se\/index.php\/wp-json\/wp\/v2\/posts\/800\/revisions"}],"predecessor-version":[{"id":804,"href":"https:\/\/yvonnewaern.se\/index.php\/wp-json\/wp\/v2\/posts\/800\/revisions\/804"}],"wp:attachment":[{"href":"https:\/\/yvonnewaern.se\/index.php\/wp-json\/wp\/v2\/media?parent=800"}],"wp:term":[{"taxonomy":"category","embeddable":true,"href":"https:\/\/yvonnewaern.se\/index.php\/wp-json\/wp\/v2\/categories?post=800"},{"taxonomy":"post_tag","embeddable":true,"href":"https:\/\/yvonnewaern.se\/index.php\/wp-json\/wp\/v2\/tags?post=800"}],"curies":[{"name":"wp","href":"https:\/\/api.w.org\/{rel}","templated":true}]}}